{"id":11605,"date":"2026-09-05T20:26:51","date_gmt":"2026-09-06T01:26:51","guid":{"rendered":"https:\/\/miasaludnatural.com\/probioticos-con-cranberry-por-que-juntarlos\/"},"modified":"2026-09-05T20:26:51","modified_gmt":"2026-09-06T01:26:51","slug":"probioticos-con-cranberry-por-que-juntarlos","status":"publish","type":"post","link":"https:\/\/miasaludnatural.com\/en\/probioticos-con-cranberry-por-que-juntarlos\/","title":{"rendered":"Probi\u00f3ticos con cranberry: por qu\u00e9 juntarlos en una sola c\u00e1psula"},"content":{"rendered":"<p><strong>Respuesta directa:<\/strong> los probi\u00f3ticos y el cranberry (ar\u00e1ndano rojo) trabajan en dos frentes distintos del mismo territorio. Los lactobacilos ayudan a mantener el equilibrio de la flora \u00edntima e intestinal; el ar\u00e1ndano rojo se usa desde hace d\u00e9cadas para acompa\u00f1ar el bienestar del tracto urinario. Juntarlos en una sola c\u00e1psula diaria resuelve el problema pr\u00e1ctico de casi todas las mujeres que los toman por separado: la constancia. Esta gu\u00eda explica qu\u00e9 aporta cada uno, cu\u00e1ndo tiene sentido combinarlos y c\u00f3mo tomarlos, con el criterio del equipo de obstetras de la Dra. Anet Arias en M\u00eda Salud Natural (Lima, Per\u00fa).<\/p>\n<div class=\"mia-resumen\">\n<h2>En resumen (para leer en 30 segundos)<\/h2>\n<ul>\n<li><strong>Qu\u00e9 es:<\/strong> una c\u00e1psula que re\u00fane cinco cepas de lactobacilos y extracto concentrado de ar\u00e1ndano rojo.<\/li>\n<li><strong>Para qu\u00e9 se toma:<\/strong> acompa\u00f1ar el equilibrio de la flora \u00edntima y el bienestar urinario en una sola rutina diaria.<\/li>\n<li><strong>Para qui\u00e9n tiene sentido:<\/strong> mujeres con molestias \u00edntimas o urinarias que vuelven, o que acaban de tomar antibi\u00f3ticos, siempre con orientaci\u00f3n profesional.<\/li>\n<li><strong>C\u00f3mo se toma:<\/strong> una c\u00e1psula al d\u00eda con agua, durante al menos 30 d\u00edas; se puede combinar con \u00f3vulos.<\/li>\n<li><strong>Qui\u00e9n lo formula y qui\u00e9n responde:<\/strong> f\u00f3rmula magistral de M\u00eda Salud Natural, botica con direcci\u00f3n t\u00e9cnica farmac\u00e9utica en Jes\u00fas Mar\u00eda, Lima; el equipo de la Dra. Anet Arias orienta por WhatsApp.<\/li>\n<\/ul>\n<\/div>\n<h2>Qu\u00e9 aporta cada uno<\/h2>\n<h3>Los lactobacilos: la flora que protege desde dentro<\/h3>\n<p>La zona \u00edntima sana est\u00e1 dominada por lactobacilos. Producen \u00e1cido l\u00e1ctico, mantienen el pH bajo y ocupan el espacio que de otro modo aprovechar\u00edan microorganismos oportunistas. Cuando esa poblaci\u00f3n baja \u2014despu\u00e9s de antibi\u00f3ticos, con cambios hormonales, estr\u00e9s o duchas vaginales\u2014 aparecen el desequilibrio y las molestias que se repiten.<\/p>\n<p>Un probi\u00f3tico oral aporta cepas seleccionadas que colonizan el intestino y, desde ah\u00ed, llegan a la zona \u00edntima. Por eso se toma por la boca aunque el objetivo sea la flora vaginal: el intestino es la reserva desde la que se repuebla. En nuestra gu\u00eda sobre <a href=\"https:\/\/miasaludnatural.com\/probioticos-orales-vs-ovulos-probioticos-flora-intima\/\">probi\u00f3ticos orales frente a \u00f3vulos probi\u00f3ticos<\/a> explicamos cu\u00e1ndo conviene cada v\u00eda y cu\u00e1ndo combinarlas.<\/p>\n<h3>El ar\u00e1ndano rojo (cranberry): el acompa\u00f1ante cl\u00e1sico del tracto urinario<\/h3>\n<p>El ar\u00e1ndano rojo americano se usa de forma tradicional para acompa\u00f1ar la salud urinaria. Su inter\u00e9s est\u00e1 en compuestos propios de la fruta que dificultan que ciertas bacterias se adhieran a las paredes del tracto urinario, lo que favorece que sean arrastradas con la orina. El jugo comercial aporta poco de esos compuestos y mucha az\u00facar; por eso en una c\u00e1psula se usa extracto concentrado, en una dosis estable cada d\u00eda.<\/p>\n<h2>Por qu\u00e9 juntarlos en una sola c\u00e1psula<\/h2>\n<ol>\n<li><strong>Act\u00faan en frentes complementarios.<\/strong> El probi\u00f3tico cuida el ecosistema (la flora); el ar\u00e1ndano rojo act\u00faa sobre la superficie del tracto urinario. Las molestias \u00edntimas y las urinarias suelen ir de la mano, porque comparten vecindad anat\u00f3mica y los mismos factores de riesgo.<\/li>\n<li><strong>Una rutina, no dos.<\/strong> La mayor\u00eda de las mujeres que empiezan dos frascos abandona uno antes del mes. Una sola c\u00e1psula al d\u00eda es la diferencia entre \u00ablo intent\u00e9\u00bb y \u00ablo termin\u00e9\u00bb.<\/li>\n<li><strong>Dosis pensada para convivir.<\/strong> Al formularlos juntos, la cantidad de cada componente est\u00e1 calculada para tomarse a la vez, sin tener que separar tomas ni acordarse de horarios.<\/li>\n<\/ol>\n<h2>Tabla comparativa: probi\u00f3tico solo, cranberry solo o los dos juntos<\/h2>\n<table>\n<thead>\n<tr>\n<th>Opci\u00f3n<\/th>\n<th>Qu\u00e9 aporta<\/th>\n<th>Para qui\u00e9n suele tener sentido<\/th>\n<th>C\u00f3mo se toma<\/th>\n<\/tr>\n<\/thead>\n<tbody>\n<tr>\n<td>Probi\u00f3tico oral solo<\/td>\n<td>Repoblar la flora \u00edntima e intestinal con lactobacilos.<\/td>\n<td>Despu\u00e9s de antibi\u00f3ticos, con desequilibrios de flora sin molestias urinarias.<\/td>\n<td>Una c\u00e1psula al d\u00eda, 30 d\u00edas o m\u00e1s.<\/td>\n<\/tr>\n<tr>\n<td>Cranberry solo<\/td>\n<td>Acompa\u00f1ar el bienestar urinario con extracto concentrado.<\/td>\n<td>Molestias urinarias que se repiten, sin problemas de flora \u00edntima.<\/td>\n<td>Una toma diaria, de forma continuada.<\/td>\n<\/tr>\n<tr>\n<td>Probi\u00f3ticos + cranberry en una c\u00e1psula<\/td>\n<td>Ambos frentes en una sola toma.<\/td>\n<td>Mujeres en las que las molestias \u00edntimas y urinarias se alternan o coinciden; quienes no logran sostener dos rutinas.<\/td>\n<td>Una c\u00e1psula al d\u00eda con agua, m\u00ednimo 30 d\u00edas.<\/td>\n<\/tr>\n<\/tbody>\n<\/table>\n<h2>\u00bfPara qui\u00e9n tiene sentido?<\/h2>\n<p>Tiene sentido cuando las molestias vuelven una y otra vez y ya se descart\u00f3, con un profesional, que haya una causa que requiera tratamiento m\u00e9dico. Situaciones habituales en nuestra consulta por WhatsApp:<\/p>\n<ul>\n<li>Acabas un antibi\u00f3tico y quieres acompa\u00f1ar la recuperaci\u00f3n de tu flora, como explicamos en <a href=\"https:\/\/miasaludnatural.com\/como-recuperar-flora-vaginal-despues-de-antibioticos\/\">c\u00f3mo recuperar la flora vaginal despu\u00e9s de antibi\u00f3ticos<\/a>.<\/li>\n<li>Las molestias urinarias reaparecen varias veces al a\u00f1o y ya tienes indicaci\u00f3n de tu m\u00e9dico de cuidar el terreno.<\/li>\n<li>Alternas episodios de desequilibrio \u00edntimo con molestias al orinar.<\/li>\n<li>Est\u00e1s en perimenopausia y notas que tu zona \u00edntima cambi\u00f3: menos lubricaci\u00f3n, m\u00e1s sensibilidad, m\u00e1s episodios.<\/li>\n<\/ul>\n<p><strong>Cu\u00e1ndo no basta con un complemento:<\/strong> fiebre, dolor lumbar, sangre en la orina, flujo con mal olor intenso o molestias que no ceden en pocos d\u00edas son motivo de consulta m\u00e9dica, no de autocuidado. Un complemento acompa\u00f1a; no reemplaza el diagn\u00f3stico ni el tratamiento que indique tu profesional.<\/p>\n<h2>C\u00f3mo tomarlo bien<\/h2>\n<ul>\n<li><strong>Dosis:<\/strong> una c\u00e1psula al d\u00eda, con un vaso de agua, a la hora que m\u00e1s f\u00e1cil te resulte sostener (muchas la toman con el desayuno).<\/li>\n<li><strong>Duraci\u00f3n:<\/strong> al menos 30 d\u00edas seguidos; la flora se repuebla con constancia, no con tomas sueltas.<\/li>\n<li><strong>Con \u00f3vulos:<\/strong> se puede combinar con \u00f3vulos probi\u00f3ticos o con \u00f3vulos de \u00e1cido b\u00f3rico cuando el profesional lo indica; el oral trabaja desde dentro y el \u00f3vulo act\u00faa localmente.<\/li>\n<li><strong>Con antibi\u00f3ticos:<\/strong> si est\u00e1s tomando uno, separa la c\u00e1psula del antibi\u00f3tico al menos dos o tres horas y contin\u00faa el probi\u00f3tico dos semanas despu\u00e9s de terminar.<\/li>\n<li><strong>Conservaci\u00f3n:<\/strong> frasco cerrado, en lugar fresco y seco, lejos de la luz directa.<\/li>\n<li><strong>Embarazo, lactancia o enfermedad cr\u00f3nica:<\/strong> consulta antes con tu obstetra o m\u00e9dico.<\/li>\n<\/ul>\n<h2>Lo que no debes esperar<\/h2>\n<p>Un probi\u00f3tico con cranberry no es un antibi\u00f3tico ni lo sustituye. No corrige en tres d\u00edas lo que se desequilibr\u00f3 durante meses, y no cambia h\u00e1bitos que sostienen el problema: orinar poco, aguantar la orina, la ropa interior sint\u00e9tica, las duchas vaginales o el exceso de az\u00facar. Los mejores resultados los vemos en mujeres que combinan la c\u00e1psula diaria con esos cambios sencillos y con seguimiento profesional.<\/p>\n<h2>Preguntas frecuentes<\/h2>\n<h3>\u00bfSe pueden tomar probi\u00f3ticos y cranberry a la vez?<\/h3>\n<p>S\u00ed. Act\u00faan en frentes distintos y no interfieren entre s\u00ed; por eso tiene sentido reunirlos en una sola c\u00e1psula diaria.<\/p>\n<h3>\u00bfCu\u00e1nto tiempo hay que tomarlos para notar algo?<\/h3>\n<p>La constancia manda: la mayor\u00eda de las mujeres describe cambios a partir de la tercera o cuarta semana. Por eso recomendamos un m\u00ednimo de 30 d\u00edas seguidos.<\/p>\n<h3>\u00bfSirve igual el jugo de ar\u00e1ndano?<\/h3>\n<p>No de la misma forma. El jugo comercial tiene poco extracto y mucha az\u00facar; la c\u00e1psula aporta extracto concentrado en una dosis estable cada d\u00eda.<\/p>\n<h3>\u00bfPuedo combinarlo con \u00f3vulos?<\/h3>\n<p>S\u00ed, cuando tu profesional lo indica. El oral repuebla desde el intestino y el \u00f3vulo act\u00faa localmente; son complementarios.<\/p>\n<h3>\u00bfD\u00f3nde se compra en Per\u00fa?<\/h3>\n<p>En la farmacia virtual de M\u00eda Salud Natural, con env\u00edo a todo el Per\u00fa, o en nuestra botica de Jes\u00fas Mar\u00eda, Lima. El equipo orienta por WhatsApp antes de comprar.<\/p>\n<h2>Nuestra recomendaci\u00f3n<\/h2>\n<p>Si tus molestias \u00edntimas y urinarias se alternan, o si ya probaste probi\u00f3ticos y cranberry por separado y no lograste sostener dos frascos, la combinaci\u00f3n en una c\u00e1psula es la forma m\u00e1s realista de cumplir el mes completo. Est\u00e1 disponible en nuestra ficha de <a href=\"https:\/\/miasaludnatural.com\/product\/probioticos-orales-cranberry-capsulas\/\">Probi\u00f3ticos Orales + Cranberry C\u00e1psulas<\/a>; si tu caso es solo de flora, la opci\u00f3n son los <a href=\"https:\/\/miasaludnatural.com\/product\/probioticos-orales-capsulas\/\">Probi\u00f3ticos Orales C\u00e1psulas<\/a>. Y si tienes dudas sobre cu\u00e1l te corresponde, <a href=\"https:\/\/wa.me\/51942266615\">escr\u00edbenos por WhatsApp<\/a>: una obstetra del equipo te orienta sin costo.<\/p>\n<p><em>Contenido educativo elaborado y revisado por el equipo de obstetras de la Dra. Anet Arias para M\u00eda Salud Natural, botica con direcci\u00f3n t\u00e9cnica farmac\u00e9utica en Jes\u00fas Mar\u00eda, Lima. No reemplaza la consulta con un profesional de la salud.<\/em><\/p>\n<p><script type=\"application\/ld+json\">\n{\n  \"@context\": \"https:\/\/schema.org\",\n  \"@type\": \"FAQPage\",\n  \"mainEntity\": [\n    {\"@type\": \"Question\", \"name\": \"\u00bfSe pueden tomar probi\u00f3ticos y cranberry a la vez?\", \"acceptedAnswer\": {\"@type\": \"Answer\", \"text\": \"S\u00ed. Act\u00faan en frentes distintos y no interfieren entre s\u00ed; por eso tiene sentido reunirlos en una sola c\u00e1psula diaria.\"}},\n    {\"@type\": \"Question\", \"name\": \"\u00bfCu\u00e1nto tiempo hay que tomarlos para notar algo?\", \"acceptedAnswer\": {\"@type\": \"Answer\", \"text\": \"La constancia manda: la mayor\u00eda de las mujeres describe cambios a partir de la tercera o cuarta semana. Se recomienda un m\u00ednimo de 30 d\u00edas seguidos.\"}},\n    {\"@type\": \"Question\", \"name\": \"\u00bfSirve igual el jugo de ar\u00e1ndano?\", \"acceptedAnswer\": {\"@type\": \"Answer\", \"text\": \"No de la misma forma. El jugo comercial tiene poco extracto y mucha az\u00facar; la c\u00e1psula aporta extracto concentrado en una dosis estable cada d\u00eda.\"}},\n    {\"@type\": \"Question\", \"name\": \"\u00bfPuedo combinarlo con \u00f3vulos?\", \"acceptedAnswer\": {\"@type\": \"Answer\", \"text\": \"S\u00ed, cuando el profesional lo indica. El oral repuebla desde el intestino y el \u00f3vulo act\u00faa localmente; son complementarios.\"}},\n    {\"@type\": \"Question\", \"name\": \"\u00bfD\u00f3nde se compra en Per\u00fa?\", \"acceptedAnswer\": {\"@type\": \"Answer\", \"text\": \"En la farmacia virtual de M\u00eda Salud Natural, con env\u00edo a todo el Per\u00fa, o en la botica de Jes\u00fas Mar\u00eda, Lima. El equipo orienta por WhatsApp antes de comprar.\"}}\n  ]\n}\n<\/script><\/p>\n","protected":false},"excerpt":{"rendered":"<p>Cinco cepas de lactobacilos y ar\u00e1ndano rojo concentrado en una c\u00e1psula diaria: qu\u00e9 aporta cada uno, para qui\u00e9n tiene sentido y c\u00f3mo tomarlo con constancia.<\/p>","protected":false},"author":8,"featured_media":11602,"comment_status":"open","ping_status":"open","sticky":false,"template":"","format":"standard","meta":{"_joinchat":[],"footnotes":""},"categories":[240,89],"tags":[],"class_list":["post-11605","post","type-post","status-publish","format-standard","has-post-thumbnail","hentry","category-microbiota-vaginal","category-salud-intima-femenina"],"yoast_head":"<!-- This site is optimized with the Yoast SEO plugin v28.1 - https:\/\/yoast.com\/product\/yoast-seo-wordpress\/ -->\n<title>Probi\u00f3ticos con cranberry: por qu\u00e9 juntarlos en una sola c\u00e1psula | M\u00eda Salud Natural<\/title>\n<meta name=\"description\" content=\"Probi\u00f3ticos con cranberry: qu\u00e9 aporta cada uno, por qu\u00e9 van juntos en una c\u00e1psula y c\u00f3mo tomarlos. Gu\u00eda del equipo de la Dra. Anet Arias (Lima).\" \/>\n<meta name=\"robots\" content=\"index, follow, max-snippet:-1, max-image-preview:large, max-video-preview:-1\" \/>\n<link rel=\"canonical\" href=\"https:\/\/miasaludnatural.com\/en\/probioticos-con-cranberry-por-que-juntarlos\/\" \/>\n<meta property=\"og:locale\" content=\"es_PE\" \/>\n<meta property=\"og:type\" content=\"article\" \/>\n<meta property=\"og:title\" content=\"Probi\u00f3ticos con cranberry: por qu\u00e9 juntarlos en una sola c\u00e1psula | M\u00eda Salud Natural\" \/>\n<meta property=\"og:description\" content=\"Probi\u00f3ticos con cranberry: qu\u00e9 aporta cada uno, por qu\u00e9 van juntos en una c\u00e1psula y c\u00f3mo tomarlos. Gu\u00eda del equipo de la Dra. Anet Arias (Lima).\" \/>\n<meta property=\"og:url\" content=\"https:\/\/miasaludnatural.com\/en\/probioticos-con-cranberry-por-que-juntarlos\/\" \/>\n<meta property=\"og:site_name\" content=\"Mia Salud Natural\" \/>\n<meta property=\"article:publisher\" content=\"https:\/\/www.facebook.com\/miasalud.pe\/?locale=es_LA\" \/>\n<meta property=\"article:published_time\" content=\"2026-09-06T01:26:51+00:00\" \/>\n<meta property=\"og:image\" content=\"https:\/\/miasaludnatural.com\/wp-content\/uploads\/2026\/05\/Mia-1-e1738164302884.png\" \/>\n\t<meta property=\"og:image:width\" content=\"1000\" \/>\n\t<meta property=\"og:image:height\" content=\"943\" \/>\n\t<meta property=\"og:image:type\" content=\"image\/png\" \/>\n<meta name=\"author\" content=\"Dra. Anet Arias\" \/>\n<meta name=\"twitter:card\" content=\"summary_large_image\" \/>\n<meta name=\"twitter:label1\" content=\"Written by\" \/>\n\t<meta name=\"twitter:data1\" content=\"Dra. Anet Arias\" \/>\n\t<meta name=\"twitter:label2\" content=\"Est. reading time\" \/>\n\t<meta name=\"twitter:data2\" content=\"7 minutes\" \/>\n<script type=\"application\/ld+json\" class=\"yoast-schema-graph\">{\"@context\":\"https:\\\/\\\/schema.org\",\"@graph\":[{\"@type\":\"Article\",\"@id\":\"https:\\\/\\\/miasaludnatural.com\\\/probioticos-con-cranberry-por-que-juntarlos\\\/#article\",\"isPartOf\":{\"@id\":\"https:\\\/\\\/miasaludnatural.com\\\/probioticos-con-cranberry-por-que-juntarlos\\\/\"},\"author\":{\"name\":\"Dra. Anet Arias\",\"@id\":\"https:\\\/\\\/miasaludnatural.com\\\/#\\\/schema\\\/person\\\/ffe414669f2cbef37b877f602515b866\"},\"headline\":\"Probi\u00f3ticos con cranberry: por qu\u00e9 juntarlos en una sola c\u00e1psula\",\"datePublished\":\"2026-09-06T01:26:51+00:00\",\"mainEntityOfPage\":{\"@id\":\"https:\\\/\\\/miasaludnatural.com\\\/probioticos-con-cranberry-por-que-juntarlos\\\/\"},\"wordCount\":1429,\"commentCount\":0,\"publisher\":{\"@id\":\"https:\\\/\\\/miasaludnatural.com\\\/#organization\"},\"image\":{\"@id\":\"https:\\\/\\\/miasaludnatural.com\\\/probioticos-con-cranberry-por-que-juntarlos\\\/#primaryimage\"},\"thumbnailUrl\":\"https:\\\/\\\/miasaludnatural.com\\\/wp-content\\\/uploads\\\/2026\\\/09\\\/pocc-prod.jpeg\",\"articleSection\":[\"Microbiota vaginal\",\"Salud \u00cdntima Femenina\"],\"inLanguage\":\"en-US\",\"potentialAction\":[{\"@type\":\"CommentAction\",\"name\":\"Comment\",\"target\":[\"https:\\\/\\\/miasaludnatural.com\\\/probioticos-con-cranberry-por-que-juntarlos\\\/#respond\"]}]},{\"@type\":\"WebPage\",\"@id\":\"https:\\\/\\\/miasaludnatural.com\\\/probioticos-con-cranberry-por-que-juntarlos\\\/\",\"url\":\"https:\\\/\\\/miasaludnatural.com\\\/probioticos-con-cranberry-por-que-juntarlos\\\/\",\"name\":\"Probi\u00f3ticos con cranberry: por qu\u00e9 juntarlos en una sola c\u00e1psula | M\u00eda Salud Natural\",\"isPartOf\":{\"@id\":\"https:\\\/\\\/miasaludnatural.com\\\/#website\"},\"primaryImageOfPage\":{\"@id\":\"https:\\\/\\\/miasaludnatural.com\\\/probioticos-con-cranberry-por-que-juntarlos\\\/#primaryimage\"},\"image\":{\"@id\":\"https:\\\/\\\/miasaludnatural.com\\\/probioticos-con-cranberry-por-que-juntarlos\\\/#primaryimage\"},\"thumbnailUrl\":\"https:\\\/\\\/miasaludnatural.com\\\/wp-content\\\/uploads\\\/2026\\\/09\\\/pocc-prod.jpeg\",\"datePublished\":\"2026-09-06T01:26:51+00:00\",\"description\":\"Probi\u00f3ticos con cranberry: qu\u00e9 aporta cada uno, por qu\u00e9 van juntos en una c\u00e1psula y c\u00f3mo tomarlos. Gu\u00eda del equipo de la Dra. Anet Arias (Lima).\",\"breadcrumb\":{\"@id\":\"https:\\\/\\\/miasaludnatural.com\\\/probioticos-con-cranberry-por-que-juntarlos\\\/#breadcrumb\"},\"inLanguage\":\"en-US\",\"potentialAction\":[{\"@type\":\"ReadAction\",\"target\":[\"https:\\\/\\\/miasaludnatural.com\\\/probioticos-con-cranberry-por-que-juntarlos\\\/\"]}]},{\"@type\":\"ImageObject\",\"inLanguage\":\"en-US\",\"@id\":\"https:\\\/\\\/miasaludnatural.com\\\/probioticos-con-cranberry-por-que-juntarlos\\\/#primaryimage\",\"url\":\"https:\\\/\\\/miasaludnatural.com\\\/wp-content\\\/uploads\\\/2026\\\/09\\\/pocc-prod.jpeg\",\"contentUrl\":\"https:\\\/\\\/miasaludnatural.com\\\/wp-content\\\/uploads\\\/2026\\\/09\\\/pocc-prod.jpeg\",\"width\":1166,\"height\":1600,\"caption\":\"Probi\u00f3ticos Orales + Cranberry C\u00e1psulas de M\u00eda Salud Natural, frasco de 30\"},{\"@type\":\"BreadcrumbList\",\"@id\":\"https:\\\/\\\/miasaludnatural.com\\\/probioticos-con-cranberry-por-que-juntarlos\\\/#breadcrumb\",\"itemListElement\":[{\"@type\":\"ListItem\",\"position\":1,\"name\":\"Portada\",\"item\":\"https:\\\/\\\/miasaludnatural.com\\\/\"},{\"@type\":\"ListItem\",\"position\":2,\"name\":\"Probi\u00f3ticos con cranberry: por qu\u00e9 juntarlos en una sola c\u00e1psula\"}]},{\"@type\":\"WebSite\",\"@id\":\"https:\\\/\\\/miasaludnatural.com\\\/#website\",\"url\":\"https:\\\/\\\/miasaludnatural.com\\\/\",\"name\":\"Mia Salud Natural\",\"description\":\"Mia Salud Natural es una marca especializada en salud y bienestar femenino, ofreciendo productos naturales respaldados por expertos. Con m\u00e1s de 6 a\u00f1os en el mercado, ha sido reconocida por CONACO, ASPEN, el Parlamento Andino y el Congreso de la Rep\u00fablica. Trabajamos con m\u00e9dicos y especialistas para brindar soluciones seguras y efectivas. Encuentra m\u00e1s en miasaludnatural.com\",\"publisher\":{\"@id\":\"https:\\\/\\\/miasaludnatural.com\\\/#organization\"},\"potentialAction\":[{\"@type\":\"SearchAction\",\"target\":{\"@type\":\"EntryPoint\",\"urlTemplate\":\"https:\\\/\\\/miasaludnatural.com\\\/?s={search_term_string}\"},\"query-input\":{\"@type\":\"PropertyValueSpecification\",\"valueRequired\":true,\"valueName\":\"search_term_string\"}}],\"inLanguage\":\"en-US\"},{\"@type\":\"Organization\",\"@id\":\"https:\\\/\\\/miasaludnatural.com\\\/#organization\",\"name\":\"Mia Salud Natural\",\"url\":\"https:\\\/\\\/miasaludnatural.com\\\/\",\"logo\":{\"@type\":\"ImageObject\",\"inLanguage\":\"en-US\",\"@id\":\"https:\\\/\\\/miasaludnatural.com\\\/#\\\/schema\\\/logo\\\/image\\\/\",\"url\":\"https:\\\/\\\/miasaludnatural.com\\\/wp-content\\\/uploads\\\/2025\\\/01\\\/Mia-.svg\",\"contentUrl\":\"https:\\\/\\\/miasaludnatural.com\\\/wp-content\\\/uploads\\\/2025\\\/01\\\/Mia-.svg\",\"width\":528,\"height\":490,\"caption\":\"Mia Salud Natural\"},\"image\":{\"@id\":\"https:\\\/\\\/miasaludnatural.com\\\/#\\\/schema\\\/logo\\\/image\\\/\"},\"sameAs\":[\"https:\\\/\\\/www.facebook.com\\\/miasalud.pe\\\/?locale=es_LA\",\"https:\\\/\\\/www.instagram.com\\\/miasaludnatural\\\/\",\"https:\\\/\\\/www.linkedin.com\\\/company\\\/mia-salud-natural\\\/\"],\"address\":{\"@type\":\"PostalAddress\",\"streetAddress\":\"Av. General Eugenio Garz\u00f3n 1617, Fnd. Oyague\",\"addressLocality\":\"Jes\u00fas Mar\u00eda\",\"addressRegion\":\"Lima\",\"addressCountry\":\"PE\"},\"telephone\":\"+51942266615\",\"email\":\"contacto@miasaludnatural.com\",\"taxID\":\"20606551674\",\"identifier\":{\"@type\":\"PropertyValue\",\"propertyID\":\"RUC\",\"value\":\"20606551674\"}},{\"@type\":\"Person\",\"@id\":\"https:\\\/\\\/miasaludnatural.com\\\/#\\\/schema\\\/person\\\/ffe414669f2cbef37b877f602515b866\",\"name\":\"Dra. Anet Arias\",\"image\":\"https:\\\/\\\/miasaludnatural.com\\\/wp-content\\\/uploads\\\/2026\\\/07\\\/anet-hero-v2.jpg\",\"sameAs\":[\"https:\\\/\\\/dranetarias.com\\\/\",\"https:\\\/\\\/www.doctoralia.pe\\\/anet-arias\\\/ginecologo\\\/san-borja\"],\"url\":\"https:\\\/\\\/miasaludnatural.com\\\/en\\\/author\\\/dra-anet\\\/\",\"jobTitle\":\"M\u00e9dica Ginec\u00f3loga \u00b7 Especialista en Fertilidad y Medicina Funcional\",\"description\":\"M\u00e9dica ginec\u00f3loga de origen cubano, especialista en fertilidad y medicina funcional e integrativa. Fundadora y asesora m\u00e9dica de M\u00eda Salud Natural, dedicada a la salud \u00edntima femenina con tratamientos naturales de formulaci\u00f3n magistral. Colegiada del Colegio M\u00e9dico del Per\u00fa (CMP 079497, RNE 033680).\",\"identifier\":[{\"@type\":\"PropertyValue\",\"propertyID\":\"CMP\",\"value\":\"079497\"},{\"@type\":\"PropertyValue\",\"propertyID\":\"RNE\",\"value\":\"033680\"}],\"hasCredential\":[{\"@type\":\"EducationalOccupationalCredential\",\"credentialCategory\":\"Colegiatura m\u00e9dica\",\"recognizedBy\":{\"@type\":\"Organization\",\"name\":\"Colegio M\u00e9dico del Per\u00fa\"},\"identifier\":\"CMP 079497\"},{\"@type\":\"EducationalOccupationalCredential\",\"credentialCategory\":\"Registro Nacional de Especialista\",\"recognizedBy\":{\"@type\":\"Organization\",\"name\":\"Colegio M\u00e9dico del Per\u00fa\"},\"identifier\":\"RNE 033680\"}],\"knowsAbout\":[\"Salud \u00edntima femenina\",\"Microbiota vaginal\",\"Ginecolog\u00eda\",\"Fertilidad\",\"Medicina funcional\"]}]}<\/script>\n<!-- \/ Yoast SEO plugin. -->","yoast_head_json":{"title":"Probi\u00f3ticos con cranberry: por qu\u00e9 juntarlos en una sola c\u00e1psula | M\u00eda Salud Natural","description":"Probi\u00f3ticos con cranberry: qu\u00e9 aporta cada uno, por qu\u00e9 van juntos en una c\u00e1psula y c\u00f3mo tomarlos. Gu\u00eda del equipo de la Dra. Anet Arias (Lima).","robots":{"index":"index","follow":"follow","max-snippet":"max-snippet:-1","max-image-preview":"max-image-preview:large","max-video-preview":"max-video-preview:-1"},"canonical":"https:\/\/miasaludnatural.com\/en\/probioticos-con-cranberry-por-que-juntarlos\/","og_locale":"es_PE","og_type":"article","og_title":"Probi\u00f3ticos con cranberry: por qu\u00e9 juntarlos en una sola c\u00e1psula | M\u00eda Salud Natural","og_description":"Probi\u00f3ticos con cranberry: qu\u00e9 aporta cada uno, por qu\u00e9 van juntos en una c\u00e1psula y c\u00f3mo tomarlos. Gu\u00eda del equipo de la Dra. Anet Arias (Lima).","og_url":"https:\/\/miasaludnatural.com\/en\/probioticos-con-cranberry-por-que-juntarlos\/","og_site_name":"Mia Salud Natural","article_publisher":"https:\/\/www.facebook.com\/miasalud.pe\/?locale=es_LA","article_published_time":"2026-09-06T01:26:51+00:00","og_image":[{"width":1000,"height":943,"url":"https:\/\/miasaludnatural.com\/wp-content\/uploads\/2026\/05\/Mia-1-e1738164302884.png","type":"image\/png"}],"author":"Dra. Anet Arias","twitter_card":"summary_large_image","twitter_misc":{"Written by":"Dra. Anet Arias","Est. reading time":"7 minutes"},"schema":{"@context":"https:\/\/schema.org","@graph":[{"@type":"Article","@id":"https:\/\/miasaludnatural.com\/probioticos-con-cranberry-por-que-juntarlos\/#article","isPartOf":{"@id":"https:\/\/miasaludnatural.com\/probioticos-con-cranberry-por-que-juntarlos\/"},"author":{"name":"Dra. Anet Arias","@id":"https:\/\/miasaludnatural.com\/#\/schema\/person\/ffe414669f2cbef37b877f602515b866"},"headline":"Probi\u00f3ticos con cranberry: por qu\u00e9 juntarlos en una sola c\u00e1psula","datePublished":"2026-09-06T01:26:51+00:00","mainEntityOfPage":{"@id":"https:\/\/miasaludnatural.com\/probioticos-con-cranberry-por-que-juntarlos\/"},"wordCount":1429,"commentCount":0,"publisher":{"@id":"https:\/\/miasaludnatural.com\/#organization"},"image":{"@id":"https:\/\/miasaludnatural.com\/probioticos-con-cranberry-por-que-juntarlos\/#primaryimage"},"thumbnailUrl":"https:\/\/miasaludnatural.com\/wp-content\/uploads\/2026\/09\/pocc-prod.jpeg","articleSection":["Microbiota vaginal","Salud \u00cdntima Femenina"],"inLanguage":"en-US","potentialAction":[{"@type":"CommentAction","name":"Comment","target":["https:\/\/miasaludnatural.com\/probioticos-con-cranberry-por-que-juntarlos\/#respond"]}]},{"@type":"WebPage","@id":"https:\/\/miasaludnatural.com\/probioticos-con-cranberry-por-que-juntarlos\/","url":"https:\/\/miasaludnatural.com\/probioticos-con-cranberry-por-que-juntarlos\/","name":"Probi\u00f3ticos con cranberry: por qu\u00e9 juntarlos en una sola c\u00e1psula | M\u00eda Salud Natural","isPartOf":{"@id":"https:\/\/miasaludnatural.com\/#website"},"primaryImageOfPage":{"@id":"https:\/\/miasaludnatural.com\/probioticos-con-cranberry-por-que-juntarlos\/#primaryimage"},"image":{"@id":"https:\/\/miasaludnatural.com\/probioticos-con-cranberry-por-que-juntarlos\/#primaryimage"},"thumbnailUrl":"https:\/\/miasaludnatural.com\/wp-content\/uploads\/2026\/09\/pocc-prod.jpeg","datePublished":"2026-09-06T01:26:51+00:00","description":"Probi\u00f3ticos con cranberry: qu\u00e9 aporta cada uno, por qu\u00e9 van juntos en una c\u00e1psula y c\u00f3mo tomarlos. Gu\u00eda del equipo de la Dra. Anet Arias (Lima).","breadcrumb":{"@id":"https:\/\/miasaludnatural.com\/probioticos-con-cranberry-por-que-juntarlos\/#breadcrumb"},"inLanguage":"en-US","potentialAction":[{"@type":"ReadAction","target":["https:\/\/miasaludnatural.com\/probioticos-con-cranberry-por-que-juntarlos\/"]}]},{"@type":"ImageObject","inLanguage":"en-US","@id":"https:\/\/miasaludnatural.com\/probioticos-con-cranberry-por-que-juntarlos\/#primaryimage","url":"https:\/\/miasaludnatural.com\/wp-content\/uploads\/2026\/09\/pocc-prod.jpeg","contentUrl":"https:\/\/miasaludnatural.com\/wp-content\/uploads\/2026\/09\/pocc-prod.jpeg","width":1166,"height":1600,"caption":"Probi\u00f3ticos Orales + Cranberry C\u00e1psulas de M\u00eda Salud Natural, frasco de 30"},{"@type":"BreadcrumbList","@id":"https:\/\/miasaludnatural.com\/probioticos-con-cranberry-por-que-juntarlos\/#breadcrumb","itemListElement":[{"@type":"ListItem","position":1,"name":"Portada","item":"https:\/\/miasaludnatural.com\/"},{"@type":"ListItem","position":2,"name":"Probi\u00f3ticos con cranberry: por qu\u00e9 juntarlos en una sola c\u00e1psula"}]},{"@type":"WebSite","@id":"https:\/\/miasaludnatural.com\/#website","url":"https:\/\/miasaludnatural.com\/","name":"Mia Salud Natural","description":"Mia Salud Natural es una marca especializada en salud y bienestar femenino, ofreciendo productos naturales respaldados por expertos. Con m\u00e1s de 6 a\u00f1os en el mercado, ha sido reconocida por CONACO, ASPEN, el Parlamento Andino y el Congreso de la Rep\u00fablica. Trabajamos con m\u00e9dicos y especialistas para brindar soluciones seguras y efectivas. Encuentra m\u00e1s en miasaludnatural.com","publisher":{"@id":"https:\/\/miasaludnatural.com\/#organization"},"potentialAction":[{"@type":"SearchAction","target":{"@type":"EntryPoint","urlTemplate":"https:\/\/miasaludnatural.com\/?s={search_term_string}"},"query-input":{"@type":"PropertyValueSpecification","valueRequired":true,"valueName":"search_term_string"}}],"inLanguage":"en-US"},{"@type":"Organization","@id":"https:\/\/miasaludnatural.com\/#organization","name":"Mia Salud Natural","url":"https:\/\/miasaludnatural.com\/","logo":{"@type":"ImageObject","inLanguage":"en-US","@id":"https:\/\/miasaludnatural.com\/#\/schema\/logo\/image\/","url":"https:\/\/miasaludnatural.com\/wp-content\/uploads\/2025\/01\/Mia-.svg","contentUrl":"https:\/\/miasaludnatural.com\/wp-content\/uploads\/2025\/01\/Mia-.svg","width":528,"height":490,"caption":"Mia Salud Natural"},"image":{"@id":"https:\/\/miasaludnatural.com\/#\/schema\/logo\/image\/"},"sameAs":["https:\/\/www.facebook.com\/miasalud.pe\/?locale=es_LA","https:\/\/www.instagram.com\/miasaludnatural\/","https:\/\/www.linkedin.com\/company\/mia-salud-natural\/"],"address":{"@type":"PostalAddress","streetAddress":"Av. General Eugenio Garz\u00f3n 1617, Fnd. Oyague","addressLocality":"Jes\u00fas Mar\u00eda","addressRegion":"Lima","addressCountry":"PE"},"telephone":"+51942266615","email":"contacto@miasaludnatural.com","taxID":"20606551674","identifier":{"@type":"PropertyValue","propertyID":"RUC","value":"20606551674"}},{"@type":"Person","@id":"https:\/\/miasaludnatural.com\/#\/schema\/person\/ffe414669f2cbef37b877f602515b866","name":"Dra. Anet Arias","image":"https:\/\/miasaludnatural.com\/wp-content\/uploads\/2026\/07\/anet-hero-v2.jpg","sameAs":["https:\/\/dranetarias.com\/","https:\/\/www.doctoralia.pe\/anet-arias\/ginecologo\/san-borja"],"url":"https:\/\/miasaludnatural.com\/en\/author\/dra-anet\/","jobTitle":"M\u00e9dica Ginec\u00f3loga \u00b7 Especialista en Fertilidad y Medicina Funcional","description":"M\u00e9dica ginec\u00f3loga de origen cubano, especialista en fertilidad y medicina funcional e integrativa. Fundadora y asesora m\u00e9dica de M\u00eda Salud Natural, dedicada a la salud \u00edntima femenina con tratamientos naturales de formulaci\u00f3n magistral. Colegiada del Colegio M\u00e9dico del Per\u00fa (CMP 079497, RNE 033680).","identifier":[{"@type":"PropertyValue","propertyID":"CMP","value":"079497"},{"@type":"PropertyValue","propertyID":"RNE","value":"033680"}],"hasCredential":[{"@type":"EducationalOccupationalCredential","credentialCategory":"Colegiatura m\u00e9dica","recognizedBy":{"@type":"Organization","name":"Colegio M\u00e9dico del Per\u00fa"},"identifier":"CMP 079497"},{"@type":"EducationalOccupationalCredential","credentialCategory":"Registro Nacional de Especialista","recognizedBy":{"@type":"Organization","name":"Colegio M\u00e9dico del Per\u00fa"},"identifier":"RNE 033680"}],"knowsAbout":["Salud \u00edntima femenina","Microbiota vaginal","Ginecolog\u00eda","Fertilidad","Medicina funcional"]}]}},"_links":{"self":[{"href":"https:\/\/miasaludnatural.com\/en\/wp-json\/wp\/v2\/posts\/11605","targetHints":{"allow":["GET"]}}],"collection":[{"href":"https:\/\/miasaludnatural.com\/en\/wp-json\/wp\/v2\/posts"}],"about":[{"href":"https:\/\/miasaludnatural.com\/en\/wp-json\/wp\/v2\/types\/post"}],"author":[{"embeddable":true,"href":"https:\/\/miasaludnatural.com\/en\/wp-json\/wp\/v2\/users\/8"}],"replies":[{"embeddable":true,"href":"https:\/\/miasaludnatural.com\/en\/wp-json\/wp\/v2\/comments?post=11605"}],"version-history":[{"count":0,"href":"https:\/\/miasaludnatural.com\/en\/wp-json\/wp\/v2\/posts\/11605\/revisions"}],"wp:featuredmedia":[{"embeddable":true,"href":"https:\/\/miasaludnatural.com\/en\/wp-json\/wp\/v2\/media\/11602"}],"wp:attachment":[{"href":"https:\/\/miasaludnatural.com\/en\/wp-json\/wp\/v2\/media?parent=11605"}],"wp:term":[{"taxonomy":"category","embeddable":true,"href":"https:\/\/miasaludnatural.com\/en\/wp-json\/wp\/v2\/categories?post=11605"},{"taxonomy":"post_tag","embeddable":true,"href":"https:\/\/miasaludnatural.com\/en\/wp-json\/wp\/v2\/tags?post=11605"}],"curies":[{"name":"wp","href":"https:\/\/api.w.org\/{rel}","templated":true}]}}